{"id":8455,"date":"2025-11-04T13:25:50","date_gmt":"2025-11-04T18:25:50","guid":{"rendered":"https:\/\/www.focuspanama.info\/esp\/?p=8455"},"modified":"2025-11-04T13:28:14","modified_gmt":"2025-11-04T18:28:14","slug":"cultura-viva-y-naturaleza-indomita","status":"publish","type":"post","link":"https:\/\/www.focuspanama.info\/esp\/?p=8455","title":{"rendered":"Cultura Viva y Naturaleza Ind\u00f3mita"},"content":{"rendered":"\n<h2 class=\"wp-block-heading\"><strong>R\u00edos, Comunidades y Selvas Imponentes&nbsp;<\/strong><\/h2>\n\n\n\n<p>El Dari\u00e9n, ubicado en el extremo oriental de Panam\u00e1, es una de las regiones m\u00e1s enigm\u00e1ticas y biodiversas del continente. Conocido por su selva imponente y su diversidad cultural, es un destino para los viajeros que buscan experiencias aut\u00e9nticas, contacto directo con comunidades ind\u00edgenas y afrodescendientes, y una profunda conexi\u00f3n con la naturaleza.<\/p>\n\n\n\n<figure class=\"wp-block-gallery has-nested-images columns-2 is-cropped wp-block-gallery-1 is-layout-flex wp-block-gallery-is-layout-flex\">\n<figure class=\"wp-block-image size-large\"><img loading=\"lazy\" decoding=\"async\" width=\"668\" height=\"800\" data-id=\"8464\" src=\"https:\/\/www.focuspanama.info\/esp\/wp-content\/uploads\/2025\/11\/Promtur_0045_185b4edb-b55a-4dde-b1fb-855fd6e15503_resultado.jpg\" alt=\"\" class=\"wp-image-8464\"\/><\/figure>\n\n\n\n<figure class=\"wp-block-image size-large\"><img loading=\"lazy\" decoding=\"async\" width=\"1200\" height=\"750\" data-id=\"8462\" src=\"https:\/\/www.focuspanama.info\/esp\/wp-content\/uploads\/2025\/11\/Pteroglossus-torquatus-001_resultado.jpg\" alt=\"\" class=\"wp-image-8462\" srcset=\"https:\/\/www.focuspanama.info\/esp\/wp-content\/uploads\/2025\/11\/Pteroglossus-torquatus-001_resultado.jpg 1200w, https:\/\/www.focuspanama.info\/esp\/wp-content\/uploads\/2025\/11\/Pteroglossus-torquatus-001_resultado-768x480.jpg 768w\" sizes=\"(max-width: 1200px) 100vw, 1200px\" \/><\/figure>\n\n\n\n<figure class=\"wp-block-image size-large\"><img loading=\"lazy\" decoding=\"async\" width=\"1200\" height=\"800\" data-id=\"8463\" src=\"https:\/\/www.focuspanama.info\/esp\/wp-content\/uploads\/2025\/11\/WhatsApp-Image-2025-07-25-at-1.56.33-PM-1_resultado.jpg\" alt=\"\" class=\"wp-image-8463\" srcset=\"https:\/\/www.focuspanama.info\/esp\/wp-content\/uploads\/2025\/11\/WhatsApp-Image-2025-07-25-at-1.56.33-PM-1_resultado.jpg 1200w, https:\/\/www.focuspanama.info\/esp\/wp-content\/uploads\/2025\/11\/WhatsApp-Image-2025-07-25-at-1.56.33-PM-1_resultado-768x512.jpg 768w\" sizes=\"(max-width: 1200px) 100vw, 1200px\" \/><\/figure>\n<\/figure>\n\n\n\n<h4 class=\"wp-block-heading\"><strong>Conoce Comunidades Afrodescendientes<\/strong><\/h4>\n\n\n\n<p>Las comunidades afrodescendientes del Dari\u00e9n ofrecen una mirada a las tradiciones, la m\u00fasica y la gastronom\u00eda que forman parte del mosaico cultural de Panam\u00e1. Sus festividades, bailes y hospitalidad invitan al visitante a descubrir la riqueza de su herencia.<\/p>\n\n\n\n<p><strong>C\u00f3mo llegar:<\/strong> Muchas comunidades se encuentran a lo largo de la carretera Panamericana hacia las comunidades de Metet\u00ed y La Palma.<br><strong>Costo<\/strong>: Gratuito, con aportes voluntarios en actividades culturales.<\/p>\n\n\n<div class=\"wp-block-image\">\n<figure class=\"aligncenter size-full\"><img loading=\"lazy\" decoding=\"async\" width=\"1067\" height=\"800\" src=\"https:\/\/www.focuspanama.info\/esp\/wp-content\/uploads\/2025\/11\/WhatsApp-Image-2025-07-25-at-1.56.32-PM-1_resultado.jpg\" alt=\"\" class=\"wp-image-8457\" srcset=\"https:\/\/www.focuspanama.info\/esp\/wp-content\/uploads\/2025\/11\/WhatsApp-Image-2025-07-25-at-1.56.32-PM-1_resultado.jpg 1067w, https:\/\/www.focuspanama.info\/esp\/wp-content\/uploads\/2025\/11\/WhatsApp-Image-2025-07-25-at-1.56.32-PM-1_resultado-768x576.jpg 768w, https:\/\/www.focuspanama.info\/esp\/wp-content\/uploads\/2025\/11\/WhatsApp-Image-2025-07-25-at-1.56.32-PM-1_resultado-80x60.jpg 80w, https:\/\/www.focuspanama.info\/esp\/wp-content\/uploads\/2025\/11\/WhatsApp-Image-2025-07-25-at-1.56.32-PM-1_resultado-100x75.jpg 100w, https:\/\/www.focuspanama.info\/esp\/wp-content\/uploads\/2025\/11\/WhatsApp-Image-2025-07-25-at-1.56.32-PM-1_resultado-180x135.jpg 180w, https:\/\/www.focuspanama.info\/esp\/wp-content\/uploads\/2025\/11\/WhatsApp-Image-2025-07-25-at-1.56.32-PM-1_resultado-238x178.jpg 238w\" sizes=\"(max-width: 1067px) 100vw, 1067px\" \/><\/figure><\/div>\n\n\n<h4 class=\"wp-block-heading\"><strong>Recorre en Cayuco el R\u00edo Chucunaque<\/strong><\/h4>\n\n\n\n<p>El r\u00edo m\u00e1s largo de Panam\u00e1 atraviesa gran parte del Dari\u00e9n y es la v\u00eda principal de transporte de muchas comunidades. Navegar en cayuco por el Chucunaque es adentrarse en la selva y observar la vida diaria de sus pobladores mayoritariamente ind\u00edgenas, junto con aves y fauna silvestre \u00fanica de esta regi\u00f3n.<\/p>\n\n\n\n<p><strong>C\u00f3mo llegar:<\/strong> Desde Metet\u00ed o La Palma se organizan recorridos fluviales con gu\u00edas locales.<br><strong>Costo<\/strong>: Tours en cayuco desde $20.00 por persona.<\/p>\n\n\n<div class=\"wp-block-image\">\n<figure class=\"aligncenter size-full\"><img loading=\"lazy\" decoding=\"async\" width=\"600\" height=\"800\" src=\"https:\/\/www.focuspanama.info\/esp\/wp-content\/uploads\/2025\/11\/20250109_170033_resultado.jpg\" alt=\"\" class=\"wp-image-8461\"\/><\/figure><\/div>\n\n\n<h4 class=\"wp-block-heading\"><strong>Ad\u00e9ntrate en el Turismo Cient\u00edfico<\/strong><\/h4>\n\n\n\n<p>El Dari\u00e9n es un laboratorio natural de biodiversidad. Universidades y centros de investigaci\u00f3n han establecido estaciones cient\u00edficas en la zona, donde es posible participar en expediciones guiadas, observaci\u00f3n de aves y estudios de flora y fauna. Una experiencia ideal para amantes de la biolog\u00eda y la ecolog\u00eda.<\/p>\n\n\n\n<p><strong>C\u00f3mo llegar: <\/strong>Generalmente desde La Palma o comunidades cercanas con apoyo de operadores tur\u00edsticos especializados.<br><strong>Costo:<\/strong> Var\u00eda seg\u00fan el programa; algunos desde $30.00 hasta $100.00 dependiendo de la actividad a realizar a lo largo del recorrido.&nbsp;<\/p>\n\n\n<div class=\"wp-block-image\">\n<figure class=\"aligncenter size-full\"><img loading=\"lazy\" decoding=\"async\" width=\"531\" height=\"800\" src=\"https:\/\/www.focuspanama.info\/esp\/wp-content\/uploads\/2025\/11\/Harpia_harpyja_-Belize_Zoo-8b_resultado.jpg\" alt=\"\" class=\"wp-image-8460\"\/><\/figure><\/div>\n\n\n<h4 class=\"wp-block-heading\"><strong>Recorre el Pueblo de La Palma<\/strong><\/h4>\n\n\n\n<p>La Palma, capital de Dari\u00e9n, es una pintoresca comunidad pesquera ubicada a orillas del Oc\u00e9ano Pac\u00edfico. Sus casas coloridas y su ambiente tranquilo muestran el estilo de vida darienita. Es el punto de partida ideal para excursiones ecotur\u00edsticas hacia el interior de la provincia como visitar el Parque Nacional Dari\u00e9n.<\/p>\n\n\n\n<p><strong>C\u00f3mo llegar: <\/strong>Aproximadamente 5 horas desde la ciudad de Panam\u00e1 por la Panamericana hasta Metet\u00ed, y luego traslado en lancha hacia La Palma.<br><strong>Costo<\/strong>: Gratuito.<\/p>\n\n\n\n<figure class=\"wp-block-gallery has-nested-images columns-default is-cropped wp-block-gallery-2 is-layout-flex wp-block-gallery-is-layout-flex\">\n<figure class=\"wp-block-image size-large\"><img loading=\"lazy\" decoding=\"async\" width=\"767\" height=\"800\" data-id=\"8466\" src=\"https:\/\/www.focuspanama.info\/esp\/wp-content\/uploads\/2025\/11\/20230401_182712_resultado.jpg\" alt=\"\" class=\"wp-image-8466\"\/><\/figure>\n\n\n\n<figure class=\"wp-block-image size-large\"><img loading=\"lazy\" decoding=\"async\" width=\"600\" height=\"800\" data-id=\"8467\" src=\"https:\/\/www.focuspanama.info\/esp\/wp-content\/uploads\/2025\/11\/20250109_114428_resultado.jpg\" alt=\"\" class=\"wp-image-8467\"\/><\/figure>\n<\/figure>\n\n\n\n<h4 class=\"wp-block-heading\"><strong>Visita la Comunidad Ember\u00e1<\/strong><\/h4>\n\n\n\n<p>La etnia Ember\u00e1 abre sus puertas a visitantes para compartir su cosmovisi\u00f3n, danzas tradicionales, tatuajes de jagua, gastronom\u00eda y artesan\u00edas elaboradas a mano. Estas experiencias permiten un intercambio cultural genuino mientras se apoya directamente a las familias ind\u00edgenas qu\u00e9 ah\u00ed viven.<\/p>\n\n\n\n<p><strong>C\u00f3mo llegar:<\/strong> Desde La Palma o Metet\u00ed se coordinan viajes en lancha hasta las comunidades ribere\u00f1as.<br><strong>Costo:<\/strong> Aporte comunitario entre $15.00 y $25.00 por persona, incluyendo demostraciones tradicionales (bailes, artesan\u00edas) y almuerzo t\u00edpico.<\/p>\n\n\n\n<h4 class=\"wp-block-heading\"><strong>Disfruta Tambi\u00e9n estas Experiencias:<\/strong><\/h4>\n\n\n\n<p><strong>Parque Nacional Dari\u00e9n<\/strong>: Patrimonio Mundial de la Humanidad por la UNESCO, alberga una biodiversidad \u00fanica con selvas primarias, especies end\u00e9micas y rutas de expedici\u00f3n para aventureros experimentados.<br><strong>Pueblo Pesquero de Jaqu\u00e9<\/strong>: Ubicado en la costa del Pac\u00edfico, Jaqu\u00e9 ofrece playas extensas, vida marina y un ambiente de comunidad costera aislada.<br><strong>Bah\u00eda Pi\u00f1a:<\/strong> Es la meca de la pesca deportiva a nivel mundial, donde es posible alquilar una caba\u00f1a, rentar un bote y disfrutar de una experiencia \u00fanica.<\/p>\n\n\n<div class=\"wp-block-image\">\n<figure class=\"aligncenter size-full\"><img loading=\"lazy\" decoding=\"async\" width=\"600\" height=\"800\" src=\"https:\/\/www.focuspanama.info\/esp\/wp-content\/uploads\/2025\/11\/FOTO-PARQUE-NACIONAL2_resultado-1.jpg\" alt=\"\" class=\"wp-image-8459\"\/><\/figure><\/div>","protected":false},"excerpt":{"rendered":"<p>R\u00edos, Comunidades y Selvas Imponentes&nbsp; El Dari\u00e9n, ubicado en el extremo oriental de Panam\u00e1, es una de las regiones m\u00e1s enigm\u00e1ticas y biodiversas del continente. Conocido por su selva imponente y su diversidad cultural, es un destino para los viajeros que buscan experiencias aut\u00e9nticas, contacto directo con comunidades ind\u00edgenas y afrodescendientes, y una profunda conexi\u00f3n [&hellip;]<\/p>\n","protected":false},"author":1,"featured_media":8456,"comment_status":"open","ping_status":"open","sticky":false,"template":"","format":"standard","meta":{"footnotes":""},"categories":[82],"tags":[],"class_list":["post-8455","post","type-post","status-publish","format-standard","has-post-thumbnail","hentry","category-darien"],"_links":{"self":[{"href":"https:\/\/www.focuspanama.info\/esp\/index.php?rest_route=\/wp\/v2\/posts\/8455"}],"collection":[{"href":"https:\/\/www.focuspanama.info\/esp\/index.php?rest_route=\/wp\/v2\/posts"}],"about":[{"href":"https:\/\/www.focuspanama.info\/esp\/index.php?rest_route=\/wp\/v2\/types\/post"}],"author":[{"embeddable":true,"href":"https:\/\/www.focuspanama.info\/esp\/index.php?rest_route=\/wp\/v2\/users\/1"}],"replies":[{"embeddable":true,"href":"https:\/\/www.focuspanama.info\/esp\/index.php?rest_route=%2Fwp%2Fv2%2Fcomments&post=8455"}],"version-history":[{"count":2,"href":"https:\/\/www.focuspanama.info\/esp\/index.php?rest_route=\/wp\/v2\/posts\/8455\/revisions"}],"predecessor-version":[{"id":8468,"href":"https:\/\/www.focuspanama.info\/esp\/index.php?rest_route=\/wp\/v2\/posts\/8455\/revisions\/8468"}],"wp:featuredmedia":[{"embeddable":true,"href":"https:\/\/www.focuspanama.info\/esp\/index.php?rest_route=\/wp\/v2\/media\/8456"}],"wp:attachment":[{"href":"https:\/\/www.focuspanama.info\/esp\/index.php?rest_route=%2Fwp%2Fv2%2Fmedia&parent=8455"}],"wp:term":[{"taxonomy":"category","embeddable":true,"href":"https:\/\/www.focuspanama.info\/esp\/index.php?rest_route=%2Fwp%2Fv2%2Fcategories&post=8455"},{"taxonomy":"post_tag","embeddable":true,"href":"https:\/\/www.focuspanama.info\/esp\/index.php?rest_route=%2Fwp%2Fv2%2Ftags&post=8455"}],"curies":[{"name":"wp","href":"https:\/\/api.w.org\/{rel}","templated":true}]}}