{"id":7030,"date":"2023-11-24T21:13:51","date_gmt":"2023-11-25T02:13:51","guid":{"rendered":"https:\/\/www.focuspanama.info\/esp\/?p=7030"},"modified":"2023-12-02T23:29:18","modified_gmt":"2023-12-03T04:29:18","slug":"bienvenidos-a-un-panama-que-vive-por-mas","status":"publish","type":"post","link":"https:\/\/www.focuspanama.info\/esp\/?p=7030","title":{"rendered":"\u00a1Bienvenidos a un Panam\u00e1 que Vive Por M\u00e1s!"},"content":{"rendered":"\n<p class=\"has-text-align-left\">Hoy les quiero dar la bienvenida a Panam\u00e1, un peque\u00f1o gran pa\u00eds, que no s\u00f3lo une dos oc\u00e9anos y en un mismo d\u00eda puedes amanecer en las cristalinas aguas del Caribe y ver el atardecer en el Pac\u00edfico. Si no que brinda una infraestructura \u00fanica en la ciudad y pintorescos paisajes coloniales en los pueblos de su interior junto con una maravillosa selva tropical donde el avistamiento de aves y la presencia de especies \u00fanicas son parte de los atractivos de un Panam\u00e1 que Vive por M\u00e1s.&nbsp;<\/p>\n\n\n\n<p class=\"has-text-align-left\">Panam\u00e1 ha sido desde su formaci\u00f3n geogr\u00e1fica un pa\u00eds de tr\u00e1nsito, por lo que en esta peque\u00f1a S acostada convivimos latinos, afros, ind\u00edgenas, mestizos, europeos, asi\u00e1ticos y un largo etc\u00e9tera que enriquecen nuestras expresiones culturales, paisajistas y gastron\u00f3micas.\u00a0<\/p>\n\n\n\n<figure class=\"wp-block-image size-full\"><img loading=\"lazy\" decoding=\"async\" width=\"817\" height=\"1074\" src=\"http:\/\/www.focuspanama.info\/esp\/wp-content\/uploads\/2023\/11\/editorial_2023.jpg\" alt=\"\" class=\"wp-image-7033\" srcset=\"https:\/\/www.focuspanama.info\/esp\/wp-content\/uploads\/2023\/11\/editorial_2023.jpg 817w, https:\/\/www.focuspanama.info\/esp\/wp-content\/uploads\/2023\/11\/editorial_2023-768x1010.jpg 768w\" sizes=\"(max-width: 817px) 100vw, 817px\" \/><\/figure>\n\n\n\n<p class=\"has-text-align-left\">&nbsp;Los invitamos a que puedan experimentar de primera mano este tipo de encuentros, durante el desarrollo de las m\u00e1s grandes exposiciones que celebra la C\u00e1mara de Comercio, Industrias y Agricultura de Panam\u00e1 del 5 al 7 de marzo de 2024: Expocomer, Expo Turismo Internacional y Expo Log\u00edstica Panam\u00e1.&nbsp;<\/p>\n\n\n\n<p class=\"has-text-align-left\">Estimados visitantes bienvenidos a un pa\u00eds que est\u00e1 listo y deseoso de recibirles con oportunidades para el turismo de reuniones, incentivos, convenciones y exposiciones; as\u00ed como, para los viajeros que est\u00e1n dispuestos a descubrir nuestras playas, una rica biodiversidad y las tres culturas identificadas a trav\u00e9s de siete grupos ind\u00edgenas, una herencia afrocaribe\u00f1a, y una colorida cultura colonial espa\u00f1ola.&nbsp;<\/p>\n\n\n\n<p><strong>Panam\u00e1, \u00a1vive por m\u00e1s!<br>Adolfo J. F\u00e1brega Garc\u00eda de Paredes<br>Presidente&nbsp;<br>C\u00e1mara de Comercio, Industrias y Agricultura de Panam\u00e1<\/strong><\/p>\n","protected":false},"excerpt":{"rendered":"<p>Hoy les quiero dar la bienvenida a Panam\u00e1, un peque\u00f1o gran pa\u00eds, que no s\u00f3lo une dos oc\u00e9anos y en un mismo d\u00eda puedes amanecer en las cristalinas aguas del Caribe y ver el atardecer en el Pac\u00edfico. Si no que brinda una infraestructura \u00fanica en la ciudad y pintorescos paisajes coloniales en los pueblos [&hellip;]<\/p>\n","protected":false},"author":1,"featured_media":7189,"comment_status":"open","ping_status":"open","sticky":false,"template":"","format":"standard","meta":{"footnotes":""},"categories":[102],"tags":[],"class_list":["post-7030","post","type-post","status-publish","format-standard","has-post-thumbnail","hentry","category-bienvenida"],"_links":{"self":[{"href":"https:\/\/www.focuspanama.info\/esp\/index.php?rest_route=\/wp\/v2\/posts\/7030"}],"collection":[{"href":"https:\/\/www.focuspanama.info\/esp\/index.php?rest_route=\/wp\/v2\/posts"}],"about":[{"href":"https:\/\/www.focuspanama.info\/esp\/index.php?rest_route=\/wp\/v2\/types\/post"}],"author":[{"embeddable":true,"href":"https:\/\/www.focuspanama.info\/esp\/index.php?rest_route=\/wp\/v2\/users\/1"}],"replies":[{"embeddable":true,"href":"https:\/\/www.focuspanama.info\/esp\/index.php?rest_route=%2Fwp%2Fv2%2Fcomments&post=7030"}],"version-history":[{"count":5,"href":"https:\/\/www.focuspanama.info\/esp\/index.php?rest_route=\/wp\/v2\/posts\/7030\/revisions"}],"predecessor-version":[{"id":7197,"href":"https:\/\/www.focuspanama.info\/esp\/index.php?rest_route=\/wp\/v2\/posts\/7030\/revisions\/7197"}],"wp:featuredmedia":[{"embeddable":true,"href":"https:\/\/www.focuspanama.info\/esp\/index.php?rest_route=\/wp\/v2\/media\/7189"}],"wp:attachment":[{"href":"https:\/\/www.focuspanama.info\/esp\/index.php?rest_route=%2Fwp%2Fv2%2Fmedia&parent=7030"}],"wp:term":[{"taxonomy":"category","embeddable":true,"href":"https:\/\/www.focuspanama.info\/esp\/index.php?rest_route=%2Fwp%2Fv2%2Fcategories&post=7030"},{"taxonomy":"post_tag","embeddable":true,"href":"https:\/\/www.focuspanama.info\/esp\/index.php?rest_route=%2Fwp%2Fv2%2Ftags&post=7030"}],"curies":[{"name":"wp","href":"https:\/\/api.w.org\/{rel}","templated":true}]}}