{"id":5138,"date":"2021-09-26T17:48:33","date_gmt":"2021-09-26T17:48:33","guid":{"rendered":"https:\/\/www.focuspanama.info\/esp\/?p=5138"},"modified":"2024-10-01T12:12:27","modified_gmt":"2024-10-01T17:12:27","slug":"el-valle-2","status":"publish","type":"post","link":"https:\/\/www.focuspanama.info\/esp\/?p=5138","title":{"rendered":"Pueblo de Montan\u0303a Lleno de Actividades Ecoturi\u0301sticas"},"content":{"rendered":"\n<h4 class=\"wp-block-heading\"><strong>Cascadas, r\u00edos, senderos ecol\u00f3gicos, deliciosa gastronom\u00eda y clima fresco de monta\u00f1a.<\/strong><\/h4>\n\n\n\n<p class=\"has-regular-font-size\">Es un poblado monta\u00f1ero con un micro clima primaveral. Es el corregimiento m\u00e1s tur\u00edstico del distrito de Ant\u00f3n. Su nombre tiene que ver con su origen por ser \u201cEl Valle de Ant\u00f3n Caldera\u201d. Seg\u00fan los ge\u00f3logos, El Valle es un cr\u00e1ter o una caldera de un volc\u00e1n tipo extra volc\u00e1n extinto. Se encuentra situado a 600 metros sobre el nivel del mar y es uno de los puntos coclesanos m\u00e1s visitados por nacionales y extranjeros.&nbsp;<\/p>\n\n\n\n<p class=\"has-regular-font-size\"><strong>\u00bfC\u00f3mo llegar?<\/strong><\/p>\n\n\n\n<p class=\"has-regular-font-size\">Se debe tomar la carretera Interamericana y entrar por el desv\u00edo hacia El Valle. De ah\u00ed quedan 30 kil\u00f3metros para arribar al centro de este pueblo. El tiempo aproximado para llegar desde la Ciudad de Panam\u00e1 es de dos horas. Tambi\u00e9n puede ir a la terminal de Albrook y viajar en un bus de Ant\u00f3n, que lo dejar\u00e1 en la calle principal a unos pasos del Mercado Artesanal<\/p>\n\n\n\n<p class=\"has-regular-font-size\"><strong>Ofertas Tur\u00edsticas<\/strong><\/p>\n\n\n\n<p class=\"has-regular-font-size\">Hay una gran variedad de actividades a realizar enfatizadas en la aventura ecol\u00f3gica, senderismo, ascenso a monta\u00f1as y cerros, paseos a r\u00edos y cascadas, pero tambi\u00e9n hay opciones m\u00e1s culturales y de ocio como los recorridos por jardines, zool\u00f3gicos, centros de estudios biol\u00f3gicos y museos hist\u00f3ricos.&nbsp;<\/p>\n\n\n\n<p class=\"has-regular-font-size\"><strong>La India Dormida<\/strong><\/p>\n\n\n\n<p class=\"has-regular-font-size\">Este cerro es el m\u00e1s famoso del poblado, por la forma que evoca a una mujer recostada y la leyenda tras ella que se cuenta por generaciones. Se dice que la hija del cacique Urrac\u00e1, llamada Flor del Aire, se enamor\u00f3 de un conquistador espa\u00f1ol, quien no le correspondi\u00f3 como esperaba. Se cuenta que perdi\u00f3 la vida recostada en lo alto del cerro con mirada al cielo, y las monta\u00f1as quisieron perpetuar la figura de quien ser\u00eda la princesa de El Valle de Ant\u00f3n.&nbsp;<\/p>\n\n\n\n<p class=\"has-regular-font-size\">Para subir a la cima, se debe entrar por donde est\u00e1 ubicada la Piedra Pintada. Su recorrido completo toma unas cuatro horas ida y vuelta. Tambi\u00e9n puede subir en un auto 4 x 4 por el Camino de la Cruz.&nbsp;<\/p>\n\n\n\n<figure class=\"wp-block-gallery has-nested-images columns-default is-cropped wp-block-gallery-1 is-layout-flex wp-block-gallery-is-layout-flex\">\n<figure class=\"wp-block-image size-large\"><img loading=\"lazy\" decoding=\"async\" width=\"938\" height=\"1500\" data-id=\"5142\" src=\"http:\/\/www.focuspanama.info\/esp\/wp-content\/uploads\/2021\/09\/el_valle007.jpg\" alt=\"\" class=\"wp-image-5142\" srcset=\"https:\/\/www.focuspanama.info\/esp\/wp-content\/uploads\/2021\/09\/el_valle007.jpg 938w, https:\/\/www.focuspanama.info\/esp\/wp-content\/uploads\/2021\/09\/el_valle007-768x1228.jpg 768w\" sizes=\"(max-width: 938px) 100vw, 938px\" \/><\/figure>\n\n\n\n<figure class=\"wp-block-image size-large\"><img loading=\"lazy\" decoding=\"async\" width=\"1500\" height=\"1201\" data-id=\"5144\" src=\"http:\/\/www.focuspanama.info\/esp\/wp-content\/uploads\/2021\/09\/el_valle008.jpg\" alt=\"\" class=\"wp-image-5144\" srcset=\"https:\/\/www.focuspanama.info\/esp\/wp-content\/uploads\/2021\/09\/el_valle008.jpg 1500w, https:\/\/www.focuspanama.info\/esp\/wp-content\/uploads\/2021\/09\/el_valle008-768x615.jpg 768w, https:\/\/www.focuspanama.info\/esp\/wp-content\/uploads\/2021\/09\/el_valle008-1300x1041.jpg 1300w\" sizes=\"(max-width: 1500px) 100vw, 1500px\" \/><\/figure>\n\n\n\n<figure class=\"wp-block-image size-large\"><img loading=\"lazy\" decoding=\"async\" width=\"1500\" height=\"1000\" data-id=\"5146\" src=\"http:\/\/www.focuspanama.info\/esp\/wp-content\/uploads\/2021\/09\/el_valle009.jpg\" alt=\"\" class=\"wp-image-5146\" srcset=\"https:\/\/www.focuspanama.info\/esp\/wp-content\/uploads\/2021\/09\/el_valle009.jpg 1500w, https:\/\/www.focuspanama.info\/esp\/wp-content\/uploads\/2021\/09\/el_valle009-768x512.jpg 768w, https:\/\/www.focuspanama.info\/esp\/wp-content\/uploads\/2021\/09\/el_valle009-1300x867.jpg 1300w, https:\/\/www.focuspanama.info\/esp\/wp-content\/uploads\/2021\/09\/el_valle009-128x86.jpg 128w\" sizes=\"(max-width: 1500px) 100vw, 1500px\" \/><\/figure>\n\n\n\n<figure class=\"wp-block-image size-large\"><img loading=\"lazy\" decoding=\"async\" width=\"1200\" height=\"1500\" data-id=\"5148\" src=\"http:\/\/www.focuspanama.info\/esp\/wp-content\/uploads\/2021\/09\/el_valle010.jpg\" alt=\"\" class=\"wp-image-5148\" srcset=\"https:\/\/www.focuspanama.info\/esp\/wp-content\/uploads\/2021\/09\/el_valle010.jpg 1200w, https:\/\/www.focuspanama.info\/esp\/wp-content\/uploads\/2021\/09\/el_valle010-768x960.jpg 768w\" sizes=\"(max-width: 1200px) 100vw, 1200px\" \/><\/figure>\n<\/figure>\n\n\n\n<p class=\"has-regular-font-size\"><strong>Museo Victoriano Lorenzo<\/strong><\/p>\n\n\n\n<p class=\"has-regular-font-size\">Se encuentra en toda la Calle Central y es f\u00e1cil de reconocer por su color adobe y marr\u00f3n. En una de sus salas cuenta la historia que une al guerrillero Victoriano Lorenzo con El Valle. Otros de sus espacios es la Sala Volc\u00e1nica, donde se expone el desarrollo de la creaci\u00f3n de El Valle, y se aprecian piedras volc\u00e1nicas hasta cuarzos micro cristalinos. En su jard\u00edn hay una r\u00e9plica de una casa de quincha. &nbsp;<\/p>\n\n\n\n<p class=\"has-medium-font-size\"><strong>Museo Padre Jos\u00e9 Noto<\/strong><\/p>\n\n\n\n<p class=\"has-regular-font-size\">Su nombre est\u00e1 inspirado en su creador, un padre de origen italiano, quien quiso salvaguardar la historia local, convirti\u00e9ndose en uno de los precursores de la museolog\u00eda en esta regi\u00f3n. Ah\u00ed se presenta la historia de El Valle de Ant\u00f3n dividida en siete secciones. Su enfoque principal va dirigido en los petroglifos y cer\u00e1micas precolombinas, arte religioso, enograf\u00edas de los siglos XIX y XX. Est\u00e1 ubicada entre la iglesia San Jos\u00e9 y la Biblioteca.&nbsp;<\/p>\n\n\n\n<p class=\"has-regular-font-size\"><strong>El Mariposario&nbsp;<\/strong><\/p>\n\n\n\n<p class=\"has-regular-font-size\">A solo 10 minutos caminando desde el Mercado, se encuentra este recinto de mariposas, el cual est\u00e1 dividido en tres zonas: muestra sobre su ciclo de vida, un laboratorio de crianza y una casa de vuelo de 1,500 pies cuadrados con m\u00e1s de 250 mariposas revoloteando, las cuales suelen posarse sobre los visitantes.&nbsp;<\/p>\n\n\n\n<p class=\"has-regular-font-size\"><strong>Centro de Orqu\u00eddeas<\/strong><\/p>\n\n\n\n<p class=\"has-regular-font-size\">La APROVACA (Asociaci\u00f3n de Productores de Orqu\u00eddeas El Valle y Cabuya), cultivan orqu\u00eddeas locales y regionales en peligro de extinci\u00f3n, con apoyo del gobierno japon\u00e9s. Se pueden ver cerca de 147 tipos diferentes de orqu\u00eddeas en este lugar.&nbsp;<\/p>\n\n\n\n<p class=\"has-regular-font-size\"><strong>El N\u00edspero<\/strong><\/p>\n\n\n\n<p class=\"has-regular-font-size\">Es un Jard\u00edn Zool\u00f3gico dentro un terreno de siete hect\u00e1reas donde se conservan animales tropicales y aves nativas. En este recinto se encuentran especies de diferentes continentes como felinos, coyotes, aves ex\u00f3ticas, monos, reptiles y una diversidad de flora. Ubicado a 2 kil\u00f3metros de la carretera principal.&nbsp;<\/p>\n\n\n\n<p class=\"has-regular-font-size\"><strong>La Rana Dorada<\/strong><\/p>\n\n\n\n<p class=\"has-regular-font-size\">Para conocer m\u00e1s sobre esta particular especie y otras siete colonias de anfibios, debe visitar su nuevo hogar en el Centro de Conservaci\u00f3n de Anfibios El Valle (EVACC), ubicado detr\u00e1s de la piscina del Hotel Campestre. Un centro de estudios patrocinado por los parques zool\u00f3gicos de Houston, San Diego y San Antonio, donde se estudia en especial a la rana dorada, especie en peligro de extinci\u00f3n.&nbsp;<\/p>\n\n\n\n<p class=\"has-regular-font-size\"><strong>La Piedra Pintada<\/strong><\/p>\n\n\n\n<p class=\"has-regular-font-size\">Al pie de la monta\u00f1a de la India Dormida, hay una serie de rocas con s\u00edmbolos o petroglifos precolombinos a la cual llaman piedras pintadas, donde los ind\u00edgenas plasmaron parte de la historia de El Valle. Los investigadores estiman que las intervenciones sobre su superficie est\u00e1n relacionadas con elementos religiosos o calendario de cosecha<\/p>\n\n\n\n<p class=\"has-regular-font-size\"><strong>Pozos Termales&nbsp;<\/strong><\/p>\n\n\n\n<p class=\"has-regular-font-size\">Cerca del r\u00edo Ant\u00f3n y a orillas del Cerro Cariguana, estas aguas con alto contenido de minerales pueden llegar a tener una temperatura de 40\u00baC, debido a que salen del subsuelo volc\u00e1nico a 1,200 metros de profundidad. Son cinco piscinas de diferentes profundidades. Se sugiere estar m\u00e1ximo 45 minutos para absorber bien sus bondades t\u00e9rmicas. Se le atribuyen propiedades curativas para el reumatismo, artritis y enfermedades cut\u00e1neas.<\/p>\n\n\n\n<p class=\"has-regular-font-size\"><strong>Cascada Chorro \u201cEl Macho\u201d y El \u201cZip Line\u201d<\/strong><\/p>\n\n\n\n<p class=\"has-regular-font-size\">Se debe llegar al mirador para tener acceso tanto a la cascada, como a los senderismos se\u00f1alizados, puentes colgantes y el sector para practicar \u201cZip Line\u201d. Se encuentra a 30 minutos del pueblo. La ca\u00edda de la cascada es la m\u00e1s grande por los alrededores.&nbsp; Abierto al p\u00fablico todos los d\u00edas de 8:00 am \u2013 5:00 pm. La entrada al mirador y a los senderos es de $5.00, y para ba\u00f1arse en la piscina de al lado son $5.00 adicionales.&nbsp;<\/p>\n\n\n\n<p class=\"has-regular-font-size\">Se puede disfrutar de esta hermosa \u00e1rea en el \u201cZip Line&#8221; que tiene 100 pies de altura y pasa por encima de la cascada. Valor $20.00 tramo corto o $65.00 el recorrido completo por las cuatro plataformas<\/p>\n\n\n\n<p class=\"has-regular-font-size\"><strong>\u00bfD\u00f3nde Hospedarse?<\/strong><\/p>\n\n\n\n<p class=\"has-regular-font-size\">Hay m\u00e1s de setenta hoteles y hostales antoneros. En las redes ofrecen promociones de hospedajes tem\u00e1ticos y r\u00fasticos, o estilo \u201cLodging\u201d, cerca de los lugares para realizar senderismo y \u201cZip Line\u201d, hasta los Hoteles \u201cBoutiques\u201d con Spa Hol\u00edsticos m\u00e1s apartados para los que buscan un lugar para meditar. El Valle tambi\u00e9n cuenta con alternativas para estad\u00edas m\u00e1s largas como caba\u00f1as.&nbsp;<\/p>\n\n\n\n<figure class=\"wp-block-gallery has-nested-images columns-default is-cropped wp-block-gallery-2 is-layout-flex wp-block-gallery-is-layout-flex\">\n<figure class=\"wp-block-image size-large\"><img loading=\"lazy\" decoding=\"async\" width=\"1125\" height=\"1500\" data-id=\"5140\" src=\"http:\/\/www.focuspanama.info\/esp\/wp-content\/uploads\/2021\/09\/el_valle001.jpg\" alt=\"\" class=\"wp-image-5140\" srcset=\"https:\/\/www.focuspanama.info\/esp\/wp-content\/uploads\/2021\/09\/el_valle001.jpg 1125w, https:\/\/www.focuspanama.info\/esp\/wp-content\/uploads\/2021\/09\/el_valle001-768x1024.jpg 768w\" sizes=\"(max-width: 1125px) 100vw, 1125px\" \/><\/figure>\n\n\n\n<figure class=\"wp-block-image size-large\"><img loading=\"lazy\" decoding=\"async\" width=\"1500\" height=\"721\" data-id=\"5141\" src=\"http:\/\/www.focuspanama.info\/esp\/wp-content\/uploads\/2021\/09\/el_valle002.jpg\" alt=\"\" class=\"wp-image-5141\" srcset=\"https:\/\/www.focuspanama.info\/esp\/wp-content\/uploads\/2021\/09\/el_valle002.jpg 1500w, https:\/\/www.focuspanama.info\/esp\/wp-content\/uploads\/2021\/09\/el_valle002-768x369.jpg 768w, https:\/\/www.focuspanama.info\/esp\/wp-content\/uploads\/2021\/09\/el_valle002-1300x625.jpg 1300w\" sizes=\"(max-width: 1500px) 100vw, 1500px\" \/><\/figure>\n\n\n\n<figure class=\"wp-block-image size-large\"><img loading=\"lazy\" decoding=\"async\" width=\"1500\" height=\"1125\" data-id=\"5143\" src=\"http:\/\/www.focuspanama.info\/esp\/wp-content\/uploads\/2021\/09\/el_valle003.jpg\" alt=\"\" class=\"wp-image-5143\" srcset=\"https:\/\/www.focuspanama.info\/esp\/wp-content\/uploads\/2021\/09\/el_valle003.jpg 1500w, https:\/\/www.focuspanama.info\/esp\/wp-content\/uploads\/2021\/09\/el_valle003-768x576.jpg 768w, https:\/\/www.focuspanama.info\/esp\/wp-content\/uploads\/2021\/09\/el_valle003-1300x975.jpg 1300w\" sizes=\"(max-width: 1500px) 100vw, 1500px\" \/><\/figure>\n\n\n\n<figure class=\"wp-block-image size-large\"><img loading=\"lazy\" decoding=\"async\" width=\"1500\" height=\"1125\" data-id=\"5145\" src=\"http:\/\/www.focuspanama.info\/esp\/wp-content\/uploads\/2021\/09\/el_valle004.jpg\" alt=\"\" class=\"wp-image-5145\" srcset=\"https:\/\/www.focuspanama.info\/esp\/wp-content\/uploads\/2021\/09\/el_valle004.jpg 1500w, https:\/\/www.focuspanama.info\/esp\/wp-content\/uploads\/2021\/09\/el_valle004-768x576.jpg 768w, https:\/\/www.focuspanama.info\/esp\/wp-content\/uploads\/2021\/09\/el_valle004-1300x975.jpg 1300w\" sizes=\"(max-width: 1500px) 100vw, 1500px\" \/><\/figure>\n\n\n\n<figure class=\"wp-block-image size-large\"><img loading=\"lazy\" decoding=\"async\" width=\"999\" height=\"1500\" data-id=\"5147\" src=\"http:\/\/www.focuspanama.info\/esp\/wp-content\/uploads\/2021\/09\/el_valle006.jpg\" alt=\"\" class=\"wp-image-5147\" srcset=\"https:\/\/www.focuspanama.info\/esp\/wp-content\/uploads\/2021\/09\/el_valle006.jpg 999w, https:\/\/www.focuspanama.info\/esp\/wp-content\/uploads\/2021\/09\/el_valle006-768x1153.jpg 768w\" sizes=\"(max-width: 999px) 100vw, 999px\" \/><\/figure>\n<\/figure>\n\n\n\n<p class=\"has-medium-font-size\"><strong>Cosas que Hacer<\/strong><\/p>\n\n\n\n<ul class=\"wp-block-list\">\n<li><strong>Participe <\/strong>en los<strong> \u201c<\/strong>tours\u201d guiados a los diversos senderos. Contrate los servicios de un gu\u00eda tur\u00edstico como Aventuras Tur\u00edsticas El Chacal, llame al <strong>Tel. (507) 6607-5174.<\/strong><\/li>\n\n\n\n<li><strong>Avent\u00farese<\/strong> en las aguas termales mientras se cubre la pielcon barro.&nbsp; El costo de entrada incluye el uso de barro para la cara y el cuello, pero puede comprarse un pote para su aplicaci\u00f3n en todo el cuerpo.&nbsp;<\/li>\n\n\n\n<li><strong>Visite <\/strong>el kiosko de la Autoridad de Turismo de Panam\u00e1 (ATP), para solicitar informaci\u00f3n tur\u00edstica. Est\u00e1 a un costado del Mercado Artesanal, ah\u00ed tienen informaci\u00f3n y mapas para orientarse con los lugares que desea conocer.&nbsp;<\/li>\n\n\n\n<li><strong>Conozca <\/strong>el Jard\u00edn Zool\u00f3gico \u201cEl N\u00edspero\u201d y tenga una experiencia cercana con la flora, los animales y el ecosistema de El Valle, incluso de otros pa\u00edses. Abierto todos los d\u00edas de 7:00 am \u2013 5:00 pm. Valor de la entrada: $2.00 adultos, $1.00 ni\u00f1os, $5.00 adultos extranjeros y $2.00 ni\u00f1os extranjeros.<\/li>\n\n\n\n<li><strong>Rel\u00e1jese <\/strong>observandola flor nacional y orqu\u00eddea m\u00e1s buscada<strong>: <\/strong>la \u201cFlor del Esp\u00edritu Santo\u201d. Se puede encontrar en el Centro de Orqu\u00eddeas, al lado de la sede de MiAmbiente. Abierto todos los d\u00edas de 9:00 am \u2013 4:00 pm. <strong>Tel. (507) 983-6472<\/strong>.&nbsp;<\/li>\n<\/ul>\n\n\n\n<p><\/p>\n","protected":false},"excerpt":{"rendered":"<p>Cascadas, r\u00edos, senderos ecol\u00f3gicos, deliciosa gastronom\u00eda y clima fresco de monta\u00f1a. Es un poblado monta\u00f1ero con un micro clima primaveral. Es el corregimiento m\u00e1s tur\u00edstico del distrito de Ant\u00f3n. Su nombre tiene que ver con su origen por ser \u201cEl Valle de Ant\u00f3n Caldera\u201d. Seg\u00fan los ge\u00f3logos, El Valle es un cr\u00e1ter o una caldera [&hellip;]<\/p>\n","protected":false},"author":1,"featured_media":5139,"comment_status":"open","ping_status":"open","sticky":false,"template":"","format":"standard","meta":{"footnotes":""},"categories":[64],"tags":[],"class_list":["post-5138","post","type-post","status-publish","format-standard","has-post-thumbnail","hentry","category-cocle"],"_links":{"self":[{"href":"https:\/\/www.focuspanama.info\/esp\/index.php?rest_route=\/wp\/v2\/posts\/5138"}],"collection":[{"href":"https:\/\/www.focuspanama.info\/esp\/index.php?rest_route=\/wp\/v2\/posts"}],"about":[{"href":"https:\/\/www.focuspanama.info\/esp\/index.php?rest_route=\/wp\/v2\/types\/post"}],"author":[{"embeddable":true,"href":"https:\/\/www.focuspanama.info\/esp\/index.php?rest_route=\/wp\/v2\/users\/1"}],"replies":[{"embeddable":true,"href":"https:\/\/www.focuspanama.info\/esp\/index.php?rest_route=%2Fwp%2Fv2%2Fcomments&post=5138"}],"version-history":[{"count":11,"href":"https:\/\/www.focuspanama.info\/esp\/index.php?rest_route=\/wp\/v2\/posts\/5138\/revisions"}],"predecessor-version":[{"id":7956,"href":"https:\/\/www.focuspanama.info\/esp\/index.php?rest_route=\/wp\/v2\/posts\/5138\/revisions\/7956"}],"wp:featuredmedia":[{"embeddable":true,"href":"https:\/\/www.focuspanama.info\/esp\/index.php?rest_route=\/wp\/v2\/media\/5139"}],"wp:attachment":[{"href":"https:\/\/www.focuspanama.info\/esp\/index.php?rest_route=%2Fwp%2Fv2%2Fmedia&parent=5138"}],"wp:term":[{"taxonomy":"category","embeddable":true,"href":"https:\/\/www.focuspanama.info\/esp\/index.php?rest_route=%2Fwp%2Fv2%2Fcategories&post=5138"},{"taxonomy":"post_tag","embeddable":true,"href":"https:\/\/www.focuspanama.info\/esp\/index.php?rest_route=%2Fwp%2Fv2%2Ftags&post=5138"}],"curies":[{"name":"wp","href":"https:\/\/api.w.org\/{rel}","templated":true}]}}